{"id":3404,"date":"2026-01-28T15:42:07","date_gmt":"2026-01-28T15:42:07","guid":{"rendered":"https:\/\/sinergos.org\/?p=3404"},"modified":"2026-01-28T16:35:41","modified_gmt":"2026-01-28T16:35:41","slug":"explora-y-conecta","status":"publish","type":"post","link":"https:\/\/sinergos.org\/index.php\/2026\/01\/28\/explora-y-conecta\/","title":{"rendered":"Explora y Conecta:"},"content":{"rendered":"\t\t<div data-elementor-type=\"wp-post\" data-elementor-id=\"3404\" class=\"elementor elementor-3404\">\n\t\t\t\t\t\t<section class=\"elementor-section elementor-top-section elementor-element elementor-element-15aa5579 elementor-section-boxed elementor-section-height-default elementor-section-height-default\" data-id=\"15aa5579\" data-element_type=\"section\" data-e-type=\"section\">\n\t\t\t\t\t\t<div class=\"elementor-container elementor-column-gap-default\">\n\t\t\t\t\t<div class=\"elementor-column elementor-col-100 elementor-top-column elementor-element elementor-element-3d2fbd39\" data-id=\"3d2fbd39\" data-element_type=\"column\" data-e-type=\"column\">\n\t\t\t<div class=\"elementor-widget-wrap elementor-element-populated\">\n\t\t\t\t\t\t<div class=\"elementor-element elementor-element-5dde73b4 elementor-widget elementor-widget-text-editor\" data-id=\"5dde73b4\" data-element_type=\"widget\" data-e-type=\"widget\" data-widget_type=\"text-editor.default\">\n\t\t\t\t<div class=\"elementor-widget-container\">\n\t\t\t\t\t\t\t\t\t\n<h1 class=\"wp-block-heading\"><strong>Uniendo el norte de C\u00e1ceres con los campamentos de personas refugiadas saharauis a trav\u00e9s de la realidad virtual<\/strong><\/h1>\n\n<p>En <strong>Sinergos<\/strong> estamos orgullosas de compartir los resultados de nuestro proyecto <strong>\u201cExplora y Conecta: Realidad Virtual y Solidaridad con las Personas Refugiadas Saharauis\u201d<\/strong>, una iniciativa innovadora de sensibilizaci\u00f3n que ha recorrido diversas localidades de la provincia de C\u00e1ceres en los \u00faltimos meses.<\/p>\n\n<p>Gracias a la financiaci\u00f3n de la <strong>Diputaci\u00f3n de C\u00e1ceres<\/strong>, hemos logrado crear puentes de solidaridad entre nuestra ciudadan\u00eda y la poblaci\u00f3n saharaui refugiada.<\/p>\n\n<p>\u00a0<\/p>\n\n<h2 class=\"wp-block-heading\">Una experiencia inmersiva para la ciudadan\u00eda global<\/h2>\n\n<p>El coraz\u00f3n de este proyecto ha sido el uso de <strong>gafas de realidad virtual<\/strong>, que permitieron a los participantes vivir una experiencia inmersiva \u00fanica, conociendo de cerca la <strong>vida cotidiana en los campamentos de personas saharauis refugiadas en el Sur de Argelia<\/strong>.<\/p>\n\n<p>Esta propuesta se complement\u00f3 con una <strong>exposici\u00f3n interactiva<\/strong> que profundiz\u00f3 en:<\/p>\n\n<p>\u2022 La historia y la realidad actual del pueblo saharaui.<\/p>\n\n<p>\u2022 Paneles espec\u00edficos sobre el papel de la <strong>mujer saharaui<\/strong> o la situaci\u00f3n de las <strong>v\u00edctimas de minas<\/strong>.<\/p>\n\n<p><strong>Recorrido por la provincia<\/strong><\/p>\n\n<p>Nuestro equipo se desplaz\u00f3 a seis localidades cacere\u00f1as, integrando la actividad en eventos culturales y deportivos para maximizar el alcance:<\/p>\n\n<p>\u2022 <strong>Guijo de Granadilla<\/strong>, durante el festival Tierras en Danza.<\/p>\n\n<p>\u2022 <strong>Herv\u00e1s y Ba\u00f1os de Montemayor<\/strong>, en la Fiesta de la Lana.<\/p>\n\n<p>\u2022 <strong>San Gil, Serradilla y Pedroso de Acim<\/strong>, en diversos eventos deportivos.<\/p>\n\n<h2 class=\"wp-block-heading\"><strong>De la emoci\u00f3n a la acci\u00f3n: \u00abPuentes de Solidaridad\u00bb<\/strong><\/h2>\n\n<p>Uno de los pilares del proyecto fue la campa\u00f1a <strong>\u201cPuentes de Solidaridad\u201d<\/strong>, un espacio de participaci\u00f3n donde los vecinos y vecinas dejaron sus <strong>mensajes de apoyo, justicia y esperanza<\/strong>.<\/p>\n\n<p>Estos mensajes no solo se quedaron en el papel; han sido recopilados para conformar un <strong>v\u00eddeo colaborativo<\/strong> que ha circulado por redes sociales, amplificando su impacto -que puedes ver aqu\u00ed&#8230; <a href=\"https:\/\/www.instagram.com\/reel\/DSuQsU1jrTs\/?igsh=OTAybzJtdnQxZ29n\">https:\/\/www.instagram.com\/reel\/DSuQsU1jrTs\/?igsh=OTAybzJtdnQxZ29n<\/a> &#8211;<\/p>\n\n<figure class=\"wp-block-gallery has-nested-images columns-default is-cropped wp-block-gallery-2 is-layout-flex wp-block-gallery-is-layout-flex\">\n<figure class=\"wp-block-image size-large\"><img fetchpriority=\"high\" decoding=\"async\" width=\"900\" height=\"1200\" data-id=\"3407\" class=\"wp-image-3407\" src=\"https:\/\/sinergos.org\/wp-content\/uploads\/2026\/01\/WhatsApp-Image-2025-10-19-at-20.49.28-edited.jpeg\" alt=\"\" srcset=\"https:\/\/sinergos.org\/wp-content\/uploads\/2026\/01\/WhatsApp-Image-2025-10-19-at-20.49.28-edited.jpeg 900w, https:\/\/sinergos.org\/wp-content\/uploads\/2026\/01\/WhatsApp-Image-2025-10-19-at-20.49.28-edited-225x300.jpeg 225w, https:\/\/sinergos.org\/wp-content\/uploads\/2026\/01\/WhatsApp-Image-2025-10-19-at-20.49.28-edited-768x1024.jpeg 768w\" sizes=\"(max-width: 900px) 100vw, 900px\" \/><\/figure>\n<\/figure>\n\n<p>Como bien destaca nuestro equipo, el objetivo de utilizar la realidad virtual es crear una <strong>conexi\u00f3n emocional poderosa<\/strong> que permita a la ciudadan\u00eda no solo conocer la realidad, sino sentirse parte activa de la soluci\u00f3n y convertir esa emoci\u00f3n en acci\u00f3n transformadora.<\/p>\n\n<p><strong>Gracias a esta iniciativa, la voz de estos pueblos ha llegado hasta los propios campamentos saharauis, generando puentes de solidaridad y apoyo, mientras reafirmamos nuestro compromiso con la educaci\u00f3n para la ciudadan\u00eda global y la solidaridad internacional.<\/strong><\/p>\n\t\t\t\t\t\t\t\t<\/div>\n\t\t\t\t<\/div>\n\t\t\t\t\t<\/div>\n\t\t<\/div>\n\t\t\t\t\t<\/div>\n\t\t<\/section>\n\t\t\t\t<\/div>\n\t\t","protected":false},"excerpt":{"rendered":"<p>Uniendo el norte de C\u00e1ceres con los campamentos de personas refugiadas saharauis a trav\u00e9s de la realidad virtual En Sinergos estamos orgullosas de compartir los resultados de nuestro proyecto \u201cExplora y Conecta: Realidad Virtual y Solidaridad con las Personas Refugiadas Saharauis\u201d, una iniciativa innovadora de sensibilizaci\u00f3n que ha recorrido diversas localidades de la provincia de &#8230; <a title=\"Explora y Conecta:\" class=\"read-more\" href=\"https:\/\/sinergos.org\/index.php\/2026\/01\/28\/explora-y-conecta\/\" aria-label=\"Leer m\u00e1s sobre Explora y Conecta:\">Leer m\u00e1s<\/a><\/p>\n","protected":false},"author":1,"featured_media":3405,"comment_status":"open","ping_status":"open","sticky":false,"template":"","format":"standard","meta":{"_monsterinsights_skip_tracking":false,"_monsterinsights_sitenote_active":false,"_monsterinsights_sitenote_note":"","_monsterinsights_sitenote_category":0,"footnotes":""},"categories":[1],"tags":[],"class_list":["post-3404","post","type-post","status-publish","format-standard","has-post-thumbnail","hentry","category-uncategorized"],"aioseo_notices":[],"_links":{"self":[{"href":"https:\/\/sinergos.org\/index.php\/wp-json\/wp\/v2\/posts\/3404","targetHints":{"allow":["GET"]}}],"collection":[{"href":"https:\/\/sinergos.org\/index.php\/wp-json\/wp\/v2\/posts"}],"about":[{"href":"https:\/\/sinergos.org\/index.php\/wp-json\/wp\/v2\/types\/post"}],"author":[{"embeddable":true,"href":"https:\/\/sinergos.org\/index.php\/wp-json\/wp\/v2\/users\/1"}],"replies":[{"embeddable":true,"href":"https:\/\/sinergos.org\/index.php\/wp-json\/wp\/v2\/comments?post=3404"}],"version-history":[{"count":5,"href":"https:\/\/sinergos.org\/index.php\/wp-json\/wp\/v2\/posts\/3404\/revisions"}],"predecessor-version":[{"id":3415,"href":"https:\/\/sinergos.org\/index.php\/wp-json\/wp\/v2\/posts\/3404\/revisions\/3415"}],"wp:featuredmedia":[{"embeddable":true,"href":"https:\/\/sinergos.org\/index.php\/wp-json\/wp\/v2\/media\/3405"}],"wp:attachment":[{"href":"https:\/\/sinergos.org\/index.php\/wp-json\/wp\/v2\/media?parent=3404"}],"wp:term":[{"taxonomy":"category","embeddable":true,"href":"https:\/\/sinergos.org\/index.php\/wp-json\/wp\/v2\/categories?post=3404"},{"taxonomy":"post_tag","embeddable":true,"href":"https:\/\/sinergos.org\/index.php\/wp-json\/wp\/v2\/tags?post=3404"}],"curies":[{"name":"wp","href":"https:\/\/api.w.org\/{rel}","templated":true}]}}